{"provider_url": "https://www.marianopolisdotocantins.to.leg.br", "title": "Sess\u00f5es de Abril/2020", "html": "<p><span>A\u00a0</span><b>C\u00e2mara Municipal de Marian\u00f3polis do Tocantins,\u00a0</b><span>em nome do seu Presidente, <span>Vereador\u00a0</span><b>James Dias Braga</b></span><b>,\u00a0</b><span>juntamente com os demais Vereadores desta Casa de Leis, comunicam que ser\u00e3o realizadas as Sess\u00f5es Legislativas do m\u00eas de abril de 2020, a partir do dia 22/04/2020.</span></p>\r\n<p><span>Segundo o Presidente da Casa, Vereador James, devido a pandemia COVID-19 a C\u00e2mara n\u00e3o realizou as Sess\u00f5es de abril/2020, mas que ser\u00e3o realizadas as cinco Sess\u00f5es mensais, conforme previsto na Lei Org\u00e2nica do Munic\u00edpio e no Regimento Interno da C\u00e2mara de Marian\u00f3polis.</span></p>\r\n<p>Nas Sess\u00f5es n\u00e3o haver\u00e1 a presen\u00e7a da popula\u00e7\u00e3o em raz\u00e3o da pandemia, em atendimento ao <strong>Decreto Municipal n\u00ba 26/2020,</strong> que Declara situa\u00e7\u00e3o de emerg\u00eancia no Munic\u00edpio de Marian\u00f3polis do Tocantins em virtude da pandemia da COVID-19 (Novo Coronav\u00edrus). Ratificado pelo <strong>Decreto da C\u00e2mara de Marian\u00f3polis n\u00ba 002/2020,</strong> que enquanto perdurar a referida pandemia, ficam dispensados todas atividades de atendimento ao p\u00fablico no \u00e2mbito da C\u00e2mara.</p>\r\n<p>Ainda, segundo o Presidente, a Casa ir\u00e1 disponibilizar a transmiss\u00e3o das referidas Sess\u00f5es atrav\u00e9s das m\u00eddias sociais, a fim de que os mun\u00edcipes possam <span>se inteirar sobre as a\u00e7\u00f5es e atividades legislativas dos agentes p\u00fablicos da nossa cidade, e acompanhar as Mat\u00e9rias que ser\u00e3o apreciadas em prol da popula\u00e7\u00e3o.</span></p>\r\n<p><span><em>Fonte: Presid\u00eancia da C\u00e2mara.</em><br /></span></p>", "author_name": "", "version": "1.0", "author_url": "https://www.marianopolisdotocantins.to.leg.br/author/mar", "provider_name": "C\u00e2mara Municipal de Marian\u00f3polis do Tocantins", "type": "rich"}