{"provider_url": "https://www.marianopolisdotocantins.to.leg.br", "title": "Requerimento aprovado", "html": "<p>Foi aprovado por unanimidade o requerimento 03 de autoria do presidente James Braga (PTB), que requer informa\u00e7\u00f5es t\u00e9cnicas no per\u00edodo de 01 de janeiro de 2017 a 31 de mar\u00e7o de 2020, do Previmar (Previd\u00eancia de Marian\u00f3polis \u2013 TO). O l\u00edder do parlamento falou sobre o objetivo do requerimento, \u201cobter mais informa\u00e7\u00f5es, as pessoas que s\u00e3o contribuinte do Previmar que \u00e9 a previd\u00eancia pr\u00f3pria do munic\u00edpio, a gente decidiu requerer essas informa\u00e7\u00f5es, e encaminhar para o gestor (do Previmar) Marcos Dione, para que a gente possa ter esses documentos em m\u00e3o para sanar as d\u00favidas, e devemos explica\u00e7\u00f5es ao povo e estamos fazendo o nosso trabalho de fiscalizar e passar essa mensagem para a comunidade\u201d destacou o trabalhista.</p>\r\n<p>Braga comentou ainda sobre as a\u00e7\u00f5es da Secretaria Municipal de Sa\u00fade, no \u00e2mbito do combate ao coronavirus, \u201co secret\u00e1rio Vatin, a Carmosina diretora e toda a equipe, a gente v\u00ea empenho e estamos otimistas com este trabalho, a gente s\u00f3 tem a agradecer e parabenizar a equipe\u201d ressaltou o Chefe do Poder Legislativo.</p>\r\n<p>O vereador Davi Motorista (PTB) comentou sobre os profissionais da sa\u00fade que est\u00e3o na linha de frente no combate ao coronavirus, \u201cquero da os parab\u00e9ns a eles por est\u00e1 \u00e0 frente (do combate ao coronavirus), meus agradecimentos a todos\u201d salientou. A vereadora Vani (PTB) comentou informa\u00e7\u00f5es sobre as a\u00e7\u00f5es que circunda a previd\u00eancia do munic\u00edpio, \u201c\u00e9 obriga\u00e7\u00e3o nossa \u00e9 est\u00e1 correndo atr\u00e1s e est\u00e1 pedindo informa\u00e7\u00f5es sobre o Previmar\u201d disse a parlamentar.</p>\r\n<p><span>A vereadora Claudia Celestino Santana Lopes (DEM), manifestou sobre poss\u00edveis preju\u00edzos\u00a0 ao sistema de ensino devido a pandemia, \u201cvejo com preocupa\u00e7\u00e3o o afastamento das aulas. A portaria do Minist\u00e9rio da Educa\u00e7\u00e3o 1305, onde o ministro da Educa\u00e7\u00e3o (Abraham Weintraub) prorroga o afastamento das aulas por mais 30 dias. E eu como educadora fico preocupada com a educa\u00e7\u00e3o do nosso munic\u00edpio\u201d disse a legisladora.</span></p>\r\n<p><span>Devido a covid \u2013 19, o parlamento de Marian\u00f3polis \u2013 TO decidiu por realizar as Sess\u00f5es Ordin\u00e1ria somente com os legisladores, servidores da Casa de Leis e profissionais da imprensa. Por\u00e9m os moradores ter\u00e3o acesso na integra das grava\u00e7\u00f5es das sess\u00f5es por interm\u00e9dio dos ve\u00edculos de imprensa e pelas plataformas digitais.</span></p>\r\n<p><em>Fonte: Presid\u00eancia da C\u00e2mara / Site:\u00a0https://agenciatocantins.com.br</em></p>\r\n<p><em><em><i>*<a class=\"external-link\" href=\"https://agenciatocantins.com.br/requerimento-03-de-autoria-do-presidente-legislativo-que-pede-informacoes-sobre-o-previmar-e-aprovado-no-parlamento-de-marianopolis-to/\" target=\"_self\" title=\"\">Veja Aqui a not\u00edcia na \u00edntegra</a>.</i></em></em></p>", "author_name": "", "version": "1.0", "author_url": "https://www.marianopolisdotocantins.to.leg.br/author/mar", "provider_name": "C\u00e2mara Municipal de Marian\u00f3polis do Tocantins", "type": "rich"}